[{"@context":"https:\/\/schema.org\/","@type":"Article","@id":"https:\/\/www.mildeco.cz\/dovolena-v-cesku\/#Article","mainEntityOfPage":"https:\/\/www.mildeco.cz\/dovolena-v-cesku\/","headline":"Dovolen\u00e1 v \u010cesku","name":"Dovolen\u00e1 v \u010cesku","description":"M\u00edt pen\u00edze na dovolenou u mo\u0159e je n\u011bkdy nemo\u017en\u00e9, obzvl\u00e1\u0161\u0165 v dne\u0161n\u00ed dob\u011b, kdy je pen\u011bz celkov\u011b m\u00e1lo. Bohu\u017eel lid\u00e9 mus\u00ed opravdu hodn\u011b a velmi \u010dasto chodit do pr\u00e1ce, aby v\u016fbec n\u011bjak\u00e9 pen\u00edze vyd\u011blali. Je to n\u011bkdy velmi n\u00e1ro\u010dn\u00e9, proto\u017ee ne v\u017edy se to poda\u0159\u00ed, a hlavn\u011b je to velmi t\u011b\u017ek\u00e9 na psychiku, proto\u017ee neust\u00e1le&#46;&#46;&#46;","datePublished":"2023-07-23","dateModified":"2023-07-23","author":{"@type":"Person","@id":"https:\/\/www.mildeco.cz\/author\/#Person","name":"","url":"https:\/\/www.mildeco.cz\/author\/","identifier":1,"image":{"@type":"ImageObject","@id":"https:\/\/secure.gravatar.com\/avatar\/dac37d998cdbc92cc7ee5d23d4d689a369122af40c5450007470acab45b61d68?s=96&d=mm&r=g","url":"https:\/\/secure.gravatar.com\/avatar\/dac37d998cdbc92cc7ee5d23d4d689a369122af40c5450007470acab45b61d68?s=96&d=mm&r=g","height":96,"width":96}},"publisher":{"@type":"Organization","name":"mildeco.cz","logo":{"@type":"ImageObject","@id":"\/logo.png","url":"\/logo.png","width":600,"height":60}},"image":{"@type":"ImageObject","@id":"https:\/\/www.mildeco.cz\/wp-content\/uploads\/rodrigo-ardilha-WAPFd4fMy2o-unsplash.jpg","url":"https:\/\/www.mildeco.cz\/wp-content\/uploads\/rodrigo-ardilha-WAPFd4fMy2o-unsplash.jpg","height":0,"width":0},"url":"https:\/\/www.mildeco.cz\/dovolena-v-cesku\/","about":["Business"],"wordCount":428,"articleBody":"      M\u00edt pen\u00edze na dovolenou u mo\u0159e je n\u011bkdy nemo\u017en\u00e9, obzvl\u00e1\u0161\u0165 v dne\u0161n\u00ed dob\u011b, kdy je pen\u011bz celkov\u011b m\u00e1lo. Bohu\u017eel lid\u00e9 mus\u00ed opravdu hodn\u011b a velmi \u010dasto chodit do pr\u00e1ce, aby v\u016fbec n\u011bjak\u00e9 pen\u00edze vyd\u011blali. Je to n\u011bkdy velmi n\u00e1ro\u010dn\u00e9, proto\u017ee ne v\u017edy se to poda\u0159\u00ed, a hlavn\u011b je to velmi t\u011b\u017ek\u00e9 na psychiku, proto\u017ee neust\u00e1le jste jen v pr\u00e1ci a nem\u00e1te prakticky \u017e\u00e1dn\u00e9 jin\u00e9 z\u00e1jmy, kter\u00e9 by v\u00e1s n\u011bjak\u00fdm zp\u016fsobem alespo\u0148 trochu zabavily a vy tak m\u011bli klid. Samoz\u0159ejm\u011b m\u00edt klid je \u00fapln\u011b v jin\u00e9m slova smyslu ne\u017e jak to vyzn\u00ed, proto\u017ee \u010dlov\u011bk v klidu nen\u00ed nikdy, a to ani kdy\u017e chce. Neust\u00e1le toti\u017e mus\u00ed v\u0161ichni n\u011bco \u0159e\u0161it a je to tedy po\u0159\u00e1d z\u00e1p\u0159ah na mozek, kter\u00fd by si ale zaslou\u017eil n\u011bkdy odpo\u010dinou. Z toho d\u016fvodu by si m\u011bl ka\u017ed\u00fd vz\u00edt n\u011bkdy dovolenou a sna\u017eit se se trochu uvolnit a nemyslet po\u0159\u00e1d na starosti, kter\u00e9 m\u00e1 a kter\u00e9 maj\u00ed i t\u0159eba ostatn\u00ed.Dovolen\u00e1 by m\u011bla b\u00fdt nejl\u00e9pe takov\u00e1, kde si \u010dlov\u011bk opravdu odpo\u010dine a nemus\u00ed doslova nic d\u011blat. Takov\u00e1 dovolen\u00e1 je ale opravdu jen m\u00e1lokdy a m\u00e1lokdo tak\u00e9 um\u00ed takovou dovolenou sehnat, proto\u017ee lid\u00e9 maj\u00ed tendenci po\u0159\u00e1d n\u011bco d\u011blat, jinak by se zbl\u00e1znili ze sv\u00fdch my\u0161lenek. To je ale naprosto norm\u00e1ln\u00ed. N\u011bkdy nen\u00ed jednoduch\u00e9 nemyslet na probl\u00e9my, kter\u00e9 \u010dlov\u011bk m\u00e1, i kdy\u017e jich je t\u0159eba nad hlavu. To se ale st\u00e1v\u00e1, v\u0161ichni maj\u00ed ostatn\u011b n\u011bjak\u00e9 probl\u00e9my, jen to my nev\u00edme, proto\u017ee s t\u011bmito lidmi si nejsme dostate\u010dn\u011b bl\u00edzc\u00ed. Dovolen\u00e1 ale stoj\u00ed pen\u00edze, a n\u011bkdy opravdu hodn\u011b pen\u011bz, ale v\u017edy z\u00e1le\u017e\u00ed na tom, jakou dovolenou si vyberete. Kdy\u017e si vyberete dovolenou, kde m\u016f\u017eete cel\u00fd den ka\u017ed\u00fd den j\u00edst co chcete a je to t\u0159eba je\u0161t\u011b n\u011bkde na pl\u00e1\u017ei, tak se moc nedoplat\u00edte. Daj\u00ed se ale vybrat dovolen\u00e9, kter\u00e9 nejsou tak drah\u00e9. Dovolen\u00e1 toti\u017e nutn\u011b nemus\u00ed b\u00fdt n\u011bkde v cizin\u011b, ale klidn\u011b i v \u010cesk\u00e9 republice. Vyberte si nap\u0159\u00edklad ubytov\u00e1n\u00ed v \u010cesk\u00fdch Bud\u011bjovic\u00edch a okol\u00ed Penzionurudolfa a za\u017eijte kr\u00e1sy \u010ceska, nebojte se ho prozkoumat.                                                                                                                                                                                                                                                                                                                                                                                          4.4\/5 - (8 votes)        "},{"@context":"https:\/\/schema.org\/","@type":"BreadcrumbList","itemListElement":[{"@type":"ListItem","position":1,"name":"Dovolen\u00e1 v \u010cesku","item":"https:\/\/www.mildeco.cz\/dovolena-v-cesku\/#breadcrumbitem"}]}]