[{"@context":"https:\/\/schema.org\/","@type":"Article","@id":"https:\/\/www.mildeco.cz\/evzen-se-vybarvil\/#Article","mainEntityOfPage":"https:\/\/www.mildeco.cz\/evzen-se-vybarvil\/","headline":"Ev\u017een se vybarvil","name":"Ev\u017een se vybarvil","description":"Ev\u017een si \u017eil celkem klidn\u00fdm \u017eivotem. Sice se rodi\u010d\u016fm u\u017e v jeho d\u011btstv\u00ed zd\u00e1lo, \u017ee je tak trochu jin\u00fd, ale rodi\u010de tomu nep\u0159ikl\u00e1dali v\u00e1\u017en\u00fd d\u016fvod. Kdy\u017e za\u010dal nosit st\u00e1le \u010dast\u011bji d\u00e1msk\u00e9 oble\u010den\u00ed, rodi\u010de zpozorn\u011bli a za\u010dali se vypt\u00e1vat. To ale nejsp\u00ed\u0161 nem\u011bli d\u011blat. P\u0159ipadal si pak jin\u00fd, ztrapn\u011bn\u00fd a tak n\u011bjak mimo spole\u010dnost, ve kter\u00e9&#46;&#46;&#46;","datePublished":"2024-11-25","dateModified":"2024-11-25","author":{"@type":"Person","@id":"https:\/\/www.mildeco.cz\/author\/#Person","name":"","url":"https:\/\/www.mildeco.cz\/author\/","identifier":1,"image":{"@type":"ImageObject","@id":"https:\/\/secure.gravatar.com\/avatar\/dac37d998cdbc92cc7ee5d23d4d689a369122af40c5450007470acab45b61d68?s=96&d=mm&r=g","url":"https:\/\/secure.gravatar.com\/avatar\/dac37d998cdbc92cc7ee5d23d4d689a369122af40c5450007470acab45b61d68?s=96&d=mm&r=g","height":96,"width":96}},"publisher":{"@type":"Organization","name":"mildeco.cz","logo":{"@type":"ImageObject","@id":"\/logo.png","url":"\/logo.png","width":600,"height":60}},"url":"https:\/\/www.mildeco.cz\/evzen-se-vybarvil\/","wordCount":218,"articleBody":"Ev\u017een si \u017eil celkem klidn\u00fdm \u017eivotem. Sice se rodi\u010d\u016fm u\u017e v jeho d\u011btstv\u00ed zd\u00e1lo, \u017ee je tak trochu jin\u00fd, ale rodi\u010de tomu nep\u0159ikl\u00e1dali v\u00e1\u017en\u00fd d\u016fvod. Kdy\u017e za\u010dal nosit st\u00e1le \u010dast\u011bji d\u00e1msk\u00e9 oble\u010den\u00ed, rodi\u010de zpozorn\u011bli a za\u010dali se vypt\u00e1vat. To ale nejsp\u00ed\u0161 nem\u011bli d\u011blat. P\u0159ipadal si pak jin\u00fd, ztrapn\u011bn\u00fd a tak n\u011bjak mimo spole\u010dnost, ve kter\u00e9 se jeho rodina pohybovala. Necht\u011bl s nimi nikam chodit. Na spole\u010dnou dovolenou s n\u00edm, mohli zapomenout. Po babi\u010dce jde zase do m\u00f3dy \u0160aty moj\u00ed babi\u010dky byly \u00fa\u017easn\u00e9. Pr\u00e1v\u011b takov\u00e9, nebo hodn\u011b podobn\u00e9, jsem vid\u011bla dneska v m\u00edstn\u00edm butiku, kter\u00fd ned\u00e1vno otev\u0159eli na hlavn\u00ed t\u0159\u00edd\u011b. Prezentoval se a hl\u00e1sal, \u017ee v n\u011bm \u017eeny a mu\u017ei najdou tu nejnov\u011bj\u0161\u00ed m\u00f3du, kter\u00e1 na trhu je a \u017ee je neuv\u011b\u0159iteln\u011b trendy. Tak jak to, \u017ee v n\u011bm maj\u00ed d\u00e1msk\u00e9 oble\u010den\u00ed, jak\u00e9 nos\u00edvala moje babi\u010dka. Mus\u00edm ji vz\u00edt sebou a uk\u00e1zat j\u00ed je. Mysl\u00edm, \u017ee bude nesm\u00edrn\u011b r\u00e1da, \u017ee m\u016f\u017ee b\u00fdt \u00fapln\u011b v klidu a neutr\u00e1cet za nov\u00e9.                                                                                                                                                                                                                                                                                                                                                                                        3.5\/5 - (2 votes)        "},{"@context":"https:\/\/schema.org\/","@type":"BreadcrumbList","itemListElement":[{"@type":"ListItem","position":1,"name":"Ev\u017een se vybarvil","item":"https:\/\/www.mildeco.cz\/evzen-se-vybarvil\/#breadcrumbitem"}]}]