[{"@context":"https:\/\/schema.org\/","@type":"Article","@id":"https:\/\/www.mildeco.cz\/je-treba-spravne-vybrat\/#Article","mainEntityOfPage":"https:\/\/www.mildeco.cz\/je-treba-spravne-vybrat\/","headline":"Je t\u0159eba spr\u00e1vn\u011b vybrat!","name":"Je t\u0159eba spr\u00e1vn\u011b vybrat!","description":"Mu\u017ei \u010dasto neradi sami vyb\u00edraj\u00ed z\u00e1snubn\u00ed prsteny. Je jich velk\u00e9 mno\u017estv\u00ed v ka\u017ed\u00e9m obchod\u011b se \u0161perky a obchod\u016f se zlatem, st\u0159\u00edbrem a drah\u00fdmi kovy je tak\u00e9 neuv\u011b\u0159iteln\u00e9 mno\u017estv\u00ed. Podle \u010deho tedy vyb\u00edrat? Je d\u016fle\u017eit\u00e9, aby si ka\u017ed\u00fd nejprve dob\u0159e uv\u011bdomil, \u017ee tento krou\u017eek bude \u017eena nosit nejen do svatby, ale i po n\u00ed. \u017de spole\u010dn\u011b&#46;&#46;&#46;","datePublished":"2025-03-13","dateModified":"2025-03-13","author":{"@type":"Person","@id":"https:\/\/www.mildeco.cz\/author\/#Person","name":"","url":"https:\/\/www.mildeco.cz\/author\/","identifier":1,"image":{"@type":"ImageObject","@id":"https:\/\/secure.gravatar.com\/avatar\/dac37d998cdbc92cc7ee5d23d4d689a369122af40c5450007470acab45b61d68?s=96&d=mm&r=g","url":"https:\/\/secure.gravatar.com\/avatar\/dac37d998cdbc92cc7ee5d23d4d689a369122af40c5450007470acab45b61d68?s=96&d=mm&r=g","height":96,"width":96}},"publisher":{"@type":"Organization","name":"mildeco.cz","logo":{"@type":"ImageObject","@id":"\/logo.png","url":"\/logo.png","width":600,"height":60}},"url":"https:\/\/www.mildeco.cz\/je-treba-spravne-vybrat\/","wordCount":182,"articleBody":"Mu\u017ei \u010dasto neradi sami vyb\u00edraj\u00ed z\u00e1snubn\u00ed prsteny. Je jich velk\u00e9 mno\u017estv\u00ed v ka\u017ed\u00e9m obchod\u011b se \u0161perky a obchod\u016f se zlatem, st\u0159\u00edbrem a drah\u00fdmi kovy je tak\u00e9 neuv\u011b\u0159iteln\u00e9 mno\u017estv\u00ed. Podle \u010deho tedy vyb\u00edrat? Je d\u016fle\u017eit\u00e9, aby si ka\u017ed\u00fd nejprve dob\u0159e uv\u011bdomil, \u017ee tento krou\u017eek bude \u017eena nosit nejen do svatby, ale i po n\u00ed. \u017de spole\u010dn\u011b se snubn\u00edm prstenem ji pak bude zdobit ruku po celou dobu man\u017eelstv\u00ed. Krou\u017eek by tedy m\u011bl b\u00fdt kvalitn\u00ed, aby vydr\u017eel dlouh\u00e1 l\u00e9ta bez po\u0161kozen\u00ed. Preciznost se vypl\u00e1c\u00ed A kdy\u017e chceme, aby v\u011bc vydr\u017eela opravdu dlouho, mus\u00edme si b\u00fdt jisti, \u017ee je vyroben opravdu dob\u0159e, precizn\u011b a nejl\u00e9pe, jak to je u dan\u00e9ho v\u00fdrobku mo\u017en\u00e9. Samoz\u0159ejm\u011b je nutn\u00e9 spr\u00e1vn\u011b vybrat velikost, proto\u017ee \u017e\u00e1dn\u00e1 z \u017een nebude cht\u00edt \u010dekat na tento kr\u00e1sn\u00fd \u0161perk dal\u0161\u00edch n\u011bkolik dn\u00ed a\u017e t\u00fddn\u016f kv\u016fli jeho zmen\u0161en\u00ed.                                                                                                                                                                                                                                                                                                                                                                                        4\/5 - (1 vote)        "},{"@context":"https:\/\/schema.org\/","@type":"BreadcrumbList","itemListElement":[{"@type":"ListItem","position":1,"name":"Je t\u0159eba spr\u00e1vn\u011b vybrat!","item":"https:\/\/www.mildeco.cz\/je-treba-spravne-vybrat\/#breadcrumbitem"}]}]