[{"@context":"https:\/\/schema.org\/","@type":"Article","@id":"https:\/\/www.mildeco.cz\/letni-zhave-mesice\/#Article","mainEntityOfPage":"https:\/\/www.mildeco.cz\/letni-zhave-mesice\/","headline":"Letn\u00ed \u017ehav\u00e9 m\u011bs\u00edce","name":"Letn\u00ed \u017ehav\u00e9 m\u011bs\u00edce","description":"Kdy\u017e p\u0159ich\u00e1z\u00ed letn\u00ed \u017ehav\u00e9 m\u011bs\u00edce, nen\u00ed nic senza\u010dn\u011bj\u0161\u00edho, ne\u017e si d\u00e1t po\u0159\u00e1dnou porci zmrzlinky! Je to b\u00e1je\u010dn\u00e1 pochoutka, t\u0159eba na letn\u00ed terasu nebo k baz\u00e9nu. V l\u00e9t\u011b \u010dlov\u011bk \u010derp\u00e1 energii, \u010derp\u00e1 vitam\u00edn D ze slunce a je\u0161t\u011b si skv\u011ble venku porelaxuje. Dlouh\u00e9 letn\u00ed ve\u010dery jsou ur\u010den\u00e9 pr\u00e1v\u011b pro n\u011bjak\u00e9 ty dobr\u016ftky, a\u0165 u\u017e ty na&#46;&#46;&#46;","datePublished":"2025-01-11","dateModified":"2025-01-11","author":{"@type":"Person","@id":"https:\/\/www.mildeco.cz\/author\/#Person","name":"","url":"https:\/\/www.mildeco.cz\/author\/","identifier":1,"image":{"@type":"ImageObject","@id":"https:\/\/secure.gravatar.com\/avatar\/dac37d998cdbc92cc7ee5d23d4d689a369122af40c5450007470acab45b61d68?s=96&d=mm&r=g","url":"https:\/\/secure.gravatar.com\/avatar\/dac37d998cdbc92cc7ee5d23d4d689a369122af40c5450007470acab45b61d68?s=96&d=mm&r=g","height":96,"width":96}},"publisher":{"@type":"Organization","name":"mildeco.cz","logo":{"@type":"ImageObject","@id":"\/logo.png","url":"\/logo.png","width":600,"height":60}},"url":"https:\/\/www.mildeco.cz\/letni-zhave-mesice\/","wordCount":175,"articleBody":"Kdy\u017e p\u0159ich\u00e1z\u00ed letn\u00ed \u017ehav\u00e9 m\u011bs\u00edce, nen\u00ed nic senza\u010dn\u011bj\u0161\u00edho, ne\u017e si d\u00e1t po\u0159\u00e1dnou porci zmrzlinky! Je to b\u00e1je\u010dn\u00e1 pochoutka, t\u0159eba na letn\u00ed terasu nebo k baz\u00e9nu. V l\u00e9t\u011b \u010dlov\u011bk \u010derp\u00e1 energii, \u010derp\u00e1 vitam\u00edn D ze slunce a je\u0161t\u011b si skv\u011ble venku porelaxuje. Dlouh\u00e9 letn\u00ed ve\u010dery jsou ur\u010den\u00e9 pr\u00e1v\u011b pro n\u011bjak\u00e9 ty dobr\u016ftky, a\u0165 u\u017e ty na grilu nebo ty sladk\u00e9. A \u010demu d\u00e1v\u00e1te p\u0159ednost Vy? N\u011bkomu m\u016f\u017ee chutnat smetanov\u00e9 poku\u0161en\u00ed, pro n\u011bkoho jsou to ovocn\u00e9 sla\u010fou\u010dk\u00e9 m\u0148amky. Ka\u017ed\u00fd si m\u016f\u017ee dop\u0159\u00e1t podle sv\u00e9ho gusta! Nen\u00ed nic chutn\u011bj\u0161\u00edho! Tak\u00e9 r\u00e1di mls\u00e1te? Jste mezi sv\u00fdmi zn\u00e1m\u00fdmi vyhl\u00e1\u0161en\u00fdmi mlsouny? Pak v\u00e1m dozajista p\u0159ijde k chuti po\u0159\u00e1dn\u00e1 porce zmrzliny. Ur\u010dit\u011b v\u00e1m bude jedno, zda je kope\u010dkov\u00e1 nebo to\u010den\u00e1! Jsou to pochoutky, kter\u00e9 jsou velmi neodolateln\u00e9!                                                                                                                                                                                                                                                                                                                                                                                         5\/5 - (2 votes)        "},{"@context":"https:\/\/schema.org\/","@type":"BreadcrumbList","itemListElement":[{"@type":"ListItem","position":1,"name":"Letn\u00ed \u017ehav\u00e9 m\u011bs\u00edce","item":"https:\/\/www.mildeco.cz\/letni-zhave-mesice\/#breadcrumbitem"}]}]