[{"@context":"https:\/\/schema.org\/","@type":"Article","@id":"https:\/\/www.mildeco.cz\/mejte-hezke-obleceni\/#Article","mainEntityOfPage":"https:\/\/www.mildeco.cz\/mejte-hezke-obleceni\/","headline":"M\u011bjte hezk\u00e9 oble\u010den\u00ed","name":"M\u011bjte hezk\u00e9 oble\u010den\u00ed","description":"Ka\u017ed\u00fd spr\u00e1vn\u00fd mu\u017e by m\u011bl vlastnit opravdu p\u011bkn\u00e1, modern\u00ed, kvalitn\u00ed ale tak\u00e9 bezesporu pohodln\u00e1 p\u00e1nsk\u00e1 tri\u010dka. Pokud pr\u00e1v\u011b o takov\u00fdch tou\u017e\u00edte, ale bohu\u017eel \u017e\u00e1dn\u00e9 nem\u00e1te, tak nev\u00e1hejte, na\u0161e nab\u00eddka v\u00e1m je otev\u0159en\u00e1 a poskytuje v\u00e1m v\u00edce ne\u017e pades\u00e1t druh\u016f t\u011bch nejr\u016fzn\u011bj\u0161\u00edch variant. M\u016f\u017eete si vybrat, zda chcete zaz\u00e1\u0159it v oby\u010dejn\u00e9m kousku anebo jestli chcete m\u00edt&#46;&#46;&#46;","datePublished":"2024-12-08","dateModified":"2024-12-08","author":{"@type":"Person","@id":"https:\/\/www.mildeco.cz\/author\/#Person","name":"","url":"https:\/\/www.mildeco.cz\/author\/","identifier":1,"image":{"@type":"ImageObject","@id":"https:\/\/secure.gravatar.com\/avatar\/dac37d998cdbc92cc7ee5d23d4d689a369122af40c5450007470acab45b61d68?s=96&d=mm&r=g","url":"https:\/\/secure.gravatar.com\/avatar\/dac37d998cdbc92cc7ee5d23d4d689a369122af40c5450007470acab45b61d68?s=96&d=mm&r=g","height":96,"width":96}},"publisher":{"@type":"Organization","name":"mildeco.cz","logo":{"@type":"ImageObject","@id":"\/logo.png","url":"\/logo.png","width":600,"height":60}},"url":"https:\/\/www.mildeco.cz\/mejte-hezke-obleceni\/","wordCount":192,"articleBody":"Ka\u017ed\u00fd spr\u00e1vn\u00fd mu\u017e by m\u011bl vlastnit opravdu p\u011bkn\u00e1, modern\u00ed, kvalitn\u00ed ale tak\u00e9 bezesporu pohodln\u00e1 p\u00e1nsk\u00e1 tri\u010dka. Pokud pr\u00e1v\u011b o takov\u00fdch tou\u017e\u00edte, ale bohu\u017eel \u017e\u00e1dn\u00e9 nem\u00e1te, tak nev\u00e1hejte, na\u0161e nab\u00eddka v\u00e1m je otev\u0159en\u00e1 a poskytuje v\u00e1m v\u00edce ne\u017e pades\u00e1t druh\u016f t\u011bch nejr\u016fzn\u011bj\u0161\u00edch variant. M\u016f\u017eete si vybrat, zda chcete zaz\u00e1\u0159it v oby\u010dejn\u00e9m kousku anebo jestli chcete m\u00edt n\u011bco v\u00fdrazn\u011bj\u0161\u00edho, co na prvn\u00ed pohled zaujme. Bezkonkuren\u010dn\u00ed ceny Na\u0161e nab\u00eddka v\u00e1m nab\u00edz\u00ed opravdu skv\u011blou n\u00e1lo\u017e t\u011bch nejlep\u0161\u00edch p\u00e1nsk\u00fdch tri\u010dek v\u016fbec. M\u016f\u017eete si vybrat z opravdu \u0161irok\u00e9 nab\u00eddky, je jen na v\u00e1s, jestli zvol\u00edte st\u0159\u00edzliv\u011bj\u0161\u00ed barvy anebo n\u011bco v\u00fdrazn\u011bj\u0161\u00edho. Tak\u00e9 st\u0159ih\u016f nab\u00edz\u00edme nespo\u010det, tud\u00ed\u017e si m\u016f\u017eete vybrat mezi klasick\u00fdmi st\u0159ihy, ale i mezi t\u011bmi extravagantn\u011bj\u0161\u00edmi styly. U n\u00e1s rozhodn\u011b nakoup\u00edte ty nejlep\u0161\u00ed kousky do va\u0161eho \u0161atn\u00edku.                                                                                                                                                                                                                                                                                                                                                                                        5\/5 - (2 votes)        "},{"@context":"https:\/\/schema.org\/","@type":"BreadcrumbList","itemListElement":[{"@type":"ListItem","position":1,"name":"M\u011bjte hezk\u00e9 oble\u010den\u00ed","item":"https:\/\/www.mildeco.cz\/mejte-hezke-obleceni\/#breadcrumbitem"}]}]