[{"@context":"https:\/\/schema.org\/","@type":"Article","@id":"https:\/\/www.mildeco.cz\/venujte-netradicni-darek\/#Article","mainEntityOfPage":"https:\/\/www.mildeco.cz\/venujte-netradicni-darek\/","headline":"V\u011bnujte netradi\u010dn\u00ed d\u00e1rek!","name":"V\u011bnujte netradi\u010dn\u00ed d\u00e1rek!","description":"V\u011bnovat n\u011bkomu d\u00e1rek nen\u00ed nic slo\u017eit\u00e9ho. Mysl\u00edte na \u010dlov\u011bka, kter\u00e9ho chcete obdarovat, a samo V\u00e1m \u201enasko\u010d\u00ed\u201c, co budouc\u00ed obdarovan\u00fd chce, po \u010dem tou\u017e\u00ed, co by se mu mohlo l\u00edbit. Ale Vy byste necht\u011bli skon\u010dit u bonboni\u00e9ry a lahvi dobr\u00e9ho v\u00edna. Tak ot\u0159el\u00e9! Jestli je ve Va\u0161em okol\u00ed n\u011bkdo, kdo tou\u017e\u00ed po netradi\u010dn\u00edch, zvl\u00e1\u0161tn\u00edch a ojedin\u011bl\u00fdch&#46;&#46;&#46;","datePublished":"2023-09-10","dateModified":"2023-09-10","author":{"@type":"Person","@id":"https:\/\/www.mildeco.cz\/author\/#Person","name":"","url":"https:\/\/www.mildeco.cz\/author\/","identifier":1,"image":{"@type":"ImageObject","@id":"https:\/\/secure.gravatar.com\/avatar\/dac37d998cdbc92cc7ee5d23d4d689a369122af40c5450007470acab45b61d68?s=96&d=mm&r=g","url":"https:\/\/secure.gravatar.com\/avatar\/dac37d998cdbc92cc7ee5d23d4d689a369122af40c5450007470acab45b61d68?s=96&d=mm&r=g","height":96,"width":96}},"publisher":{"@type":"Organization","name":"mildeco.cz","logo":{"@type":"ImageObject","@id":"\/logo.png","url":"\/logo.png","width":600,"height":60}},"url":"https:\/\/www.mildeco.cz\/venujte-netradicni-darek\/","wordCount":186,"articleBody":"V\u011bnovat n\u011bkomu d\u00e1rek nen\u00ed nic slo\u017eit\u00e9ho. Mysl\u00edte na \u010dlov\u011bka, kter\u00e9ho chcete obdarovat, a samo V\u00e1m \u201enasko\u010d\u00ed\u201c, co budouc\u00ed obdarovan\u00fd chce, po \u010dem tou\u017e\u00ed, co by se mu mohlo l\u00edbit. Ale Vy byste necht\u011bli skon\u010dit u bonboni\u00e9ry a lahvi dobr\u00e9ho v\u00edna. Tak ot\u0159el\u00e9! Jestli je ve Va\u0161em okol\u00ed n\u011bkdo, kdo tou\u017e\u00ed po netradi\u010dn\u00edch, zvl\u00e1\u0161tn\u00edch a ojedin\u011bl\u00fdch d\u00e1rc\u00edch, pak nev\u00e1hejte.\tM\u00e1me pro V\u00e1s tip!V\u011bnujte velk\u00fd \u00faklid! Ne\u0165ukejte si na \u010delo. Nen\u00ed t\u00edm my\u0161leno, aby o sv\u00fdch narozenin\u00e1ch hostitel ukl\u00edzel a sv\u00e9 gratulanty na sv\u00e9 oslav\u011b do \u00faklidu zapojil! Objednejte myt\u00ed oken, podlah, \u010di\u0161t\u011bn\u00ed koberc\u016f v Praze. Po\u0159\u00e1d se V\u00e1m to nezd\u00e1? P\u0159em\u00fd\u0161lejte. Co d\u00e1rkem V\u00e1\u0161 p\u0159\u00edtel z\u00edsk\u00e1? Z\u00edsk\u00e1, nap\u0159. \u010das pro sebe. U\u0161et\u0159\u00ed ho bolen\u00ed zad a kolenou. A V\u00e1\u0161 d\u00e1rek dozajista ocen\u00ed jako n\u011bco velmi mimo\u0159\u00e1dn\u00e9ho! A to nen\u00ed m\u00e1lo, nemysl\u00edte?                                                                                                                                                                                                                                                                                                                                                                                        3.2\/5 - (10 votes)        "},{"@context":"https:\/\/schema.org\/","@type":"BreadcrumbList","itemListElement":[{"@type":"ListItem","position":1,"name":"V\u011bnujte netradi\u010dn\u00ed d\u00e1rek!","item":"https:\/\/www.mildeco.cz\/venujte-netradicni-darek\/#breadcrumbitem"}]}]