[{"@context":"https:\/\/schema.org\/","@type":"Article","@id":"https:\/\/www.mildeco.cz\/vyznamne-pro-lidsky-zivot\/#Article","mainEntityOfPage":"https:\/\/www.mildeco.cz\/vyznamne-pro-lidsky-zivot\/","headline":"V\u00fdznamn\u00e9 pro lidsk\u00fd \u017eivot","name":"V\u00fdznamn\u00e9 pro lidsk\u00fd \u017eivot","description":"Abychom byli ve sv\u00e9m soukrom\u00e9m \u017eivot\u011b i zam\u011bstn\u00e1n\u00ed \u0161\u0165astn\u00ed, pot\u0159ebujeme k tomu mnoho aspekt\u016f, kter\u00e9 n\u00e1s podporuj\u00ed a vedou ke zd\u00e1rn\u00fdm v\u00fdsledk\u016fm. Nebudete v\u011b\u0159it, ale pro lidsk\u00fd \u017eivot je d\u016fle\u017eit\u00e1 i inspirace. Jakmile se dostav\u00ed, zd\u00e1 se n\u00e1m n\u00e1\u0161 \u017eivot mnohem jednodu\u0161\u0161\u00ed a l\u00e9pe zvl\u00e1dateln\u00ed. Ta va\u0161e se je\u0161t\u011b nedostavila? Neh\u00e1zejte je\u0161t\u011b nic do \u017eita,&#46;&#46;&#46;","datePublished":"2025-08-31","dateModified":"2025-08-31","author":{"@type":"Person","@id":"https:\/\/www.mildeco.cz\/author\/#Person","name":"","url":"https:\/\/www.mildeco.cz\/author\/","identifier":1,"image":{"@type":"ImageObject","@id":"https:\/\/secure.gravatar.com\/avatar\/dac37d998cdbc92cc7ee5d23d4d689a369122af40c5450007470acab45b61d68?s=96&d=mm&r=g","url":"https:\/\/secure.gravatar.com\/avatar\/dac37d998cdbc92cc7ee5d23d4d689a369122af40c5450007470acab45b61d68?s=96&d=mm&r=g","height":96,"width":96}},"publisher":{"@type":"Organization","name":"mildeco.cz","logo":{"@type":"ImageObject","@id":"\/logo.png","url":"\/logo.png","width":600,"height":60}},"url":"https:\/\/www.mildeco.cz\/vyznamne-pro-lidsky-zivot\/","wordCount":239,"articleBody":"Abychom byli ve sv\u00e9m soukrom\u00e9m \u017eivot\u011b i zam\u011bstn\u00e1n\u00ed \u0161\u0165astn\u00ed, pot\u0159ebujeme k tomu mnoho aspekt\u016f, kter\u00e9 n\u00e1s podporuj\u00ed a vedou ke zd\u00e1rn\u00fdm v\u00fdsledk\u016fm. Nebudete v\u011b\u0159it, ale pro lidsk\u00fd \u017eivot je d\u016fle\u017eit\u00e1 i inspirace. Jakmile se dostav\u00ed, zd\u00e1 se n\u00e1m n\u00e1\u0161 \u017eivot mnohem jednodu\u0161\u0161\u00ed a l\u00e9pe zvl\u00e1dateln\u00ed. Ta va\u0161e se je\u0161t\u011b nedostavila? Neh\u00e1zejte je\u0161t\u011b nic do \u017eita, proto\u017ee v ka\u017ed\u00e9 oblasti v\u00e1m m\u016f\u017eou pomoct kurzy, p\u0159edn\u00e1\u0161ky a konference, kter\u00e9 po\u0159\u00e1d\u00e1 agentura Motiv P. \u017de nem\u00e1te \u010das n\u011bkam jezdit? Nen\u00ed t\u0159eba. Vy je m\u016f\u017eete absolvovat z pohodl\u00ed domova p\u0159es internet. Je\u0161t\u011b se nedostavil pot\u0159ebn\u00fd \u00fasp\u011bch? Je mo\u017en\u00e9, \u017ee v\u00e1m chyb\u00ed pouze inspirace. N\u011bco, co v\u00e1s nakopne a povede jinak, ne\u017e jste byli doposud zvykl\u00ed. Ne\u00fasp\u011bch v soukrom\u00e9 sf\u00e9\u0159e a zam\u011bstn\u00e1n\u00ed, m\u016f\u017ee po\u0159\u00e1dn\u011b otr\u00e1vit \u017eivot. Ale nevzd\u00e1vejte se. Pot\u0159ebnou motivaci, zlep\u0161en\u00ed, dal\u0161\u00ed vzd\u011bl\u00e1v\u00e1n\u00ed a formov\u00e1n\u00ed osobnosti m\u016f\u017ee v\u00e1m i cel\u00e9 va\u0161\u00ed firm\u011b p\u0159in\u00e9st agentura Motiv P., vzd\u011bl\u00e1vac\u00ed a v\u00fdukov\u00fd syst\u00e9m s dlouholetou tradic\u00ed. Te\u010f u\u017e je \u00fasp\u011bch zaru\u010den\u011b na cest\u011b k v\u00e1m a u\u017e se v\u00e1s jen tak nepust\u00ed. Vkl\u00e1dejte do sebe v\u011bt\u0161\u00ed nad\u011bje.                                                                                                                                                                                                                                                                                                                                                                                                "},{"@context":"https:\/\/schema.org\/","@type":"BreadcrumbList","itemListElement":[{"@type":"ListItem","position":1,"name":"V\u00fdznamn\u00e9 pro lidsk\u00fd \u017eivot","item":"https:\/\/www.mildeco.cz\/vyznamne-pro-lidsky-zivot\/#breadcrumbitem"}]}]