[{"@context":"https:\/\/schema.org\/","@type":"Article","@id":"https:\/\/www.mildeco.cz\/za-slunickem\/#Article","mainEntityOfPage":"https:\/\/www.mildeco.cz\/za-slunickem\/","headline":"Za slun\u00ed\u010dkem","name":"Za slun\u00ed\u010dkem","description":"Nejsp\u00ed\u0161 jste si u\u017e alespo\u0148 jednou v \u017eivot\u011b povzdechli nad t\u00edm, \u017ee se z dovolen\u00e9 mus\u00edte vr\u00e1tit zp\u011bt dom\u016f. M\u00e1lokomu se chce opou\u0161t\u011bt slunn\u00e9 pl\u00e1\u017ee a mo\u0159e, ale bohu\u017eel nen\u00ed zbyt\u00ed. Je \u010das se vr\u00e1tit zp\u011bt dom\u016f k povinnostem. Nemus\u00edte p\u0159itom v panel\u00e1ku, aby se v\u00e1m necht\u011blo. Mo\u0159e m\u00e1 svoje kouzlo, a jeliko\u017e ho na\u0161e&#46;&#46;&#46;","datePublished":"2023-05-15","dateModified":"2023-06-19","author":{"@type":"Person","@id":"https:\/\/www.mildeco.cz\/author\/#Person","name":"","url":"https:\/\/www.mildeco.cz\/author\/","identifier":1,"image":{"@type":"ImageObject","@id":"https:\/\/secure.gravatar.com\/avatar\/dac37d998cdbc92cc7ee5d23d4d689a369122af40c5450007470acab45b61d68?s=96&d=mm&r=g","url":"https:\/\/secure.gravatar.com\/avatar\/dac37d998cdbc92cc7ee5d23d4d689a369122af40c5450007470acab45b61d68?s=96&d=mm&r=g","height":96,"width":96}},"publisher":{"@type":"Organization","name":"mildeco.cz","logo":{"@type":"ImageObject","@id":"\/logo.png","url":"\/logo.png","width":600,"height":60}},"image":{"@type":"ImageObject","@id":"https:\/\/www.mildeco.cz\/wp-content\/uploads\/split-1585464_640_10_8.jpg","url":"https:\/\/www.mildeco.cz\/wp-content\/uploads\/split-1585464_640_10_8.jpg","height":0,"width":0},"url":"https:\/\/www.mildeco.cz\/za-slunickem\/","about":["Business"],"wordCount":417,"articleBody":"      Nejsp\u00ed\u0161 jste si u\u017e alespo\u0148 jednou v \u017eivot\u011b povzdechli nad t\u00edm, \u017ee se z dovolen\u00e9 mus\u00edte vr\u00e1tit zp\u011bt dom\u016f. M\u00e1lokomu se chce opou\u0161t\u011bt slunn\u00e9 pl\u00e1\u017ee a mo\u0159e, ale bohu\u017eel nen\u00ed zbyt\u00ed. Je \u010das se vr\u00e1tit zp\u011bt dom\u016f k povinnostem. Nemus\u00edte p\u0159itom v panel\u00e1ku, aby se v\u00e1m necht\u011blo. Mo\u0159e m\u00e1 svoje kouzlo, a jeliko\u017e ho na\u0161e republika nem\u00e1, je n\u00e1m vz\u00e1cn\u011bj\u0161\u00ed. V\u011bt\u0161inou se k n\u011bmu dostaneme jen o letn\u00ed dovolen\u00e9, a tu m\u00e1me jednou a\u017e dvakr\u00e1t b\u011bhem l\u00e9ta.Co se tam p\u0159est\u011bhovat? Kam r\u00e1di jezd\u00edte na dovolenou? Jsou to p\u0159\u00edmo\u0159sk\u00e1 letoviska s n\u00e1dhern\u00fdmi pl\u00e1\u017eemi? R\u00e1di jezd\u00edte ka\u017ed\u00fd rok jinam a nebo se st\u00e1le vrac\u00edte na sv\u00e1 obl\u00edben\u00e1 m\u00edsta? Divili byste se, kolik lid\u00ed d\u00e1v\u00e1 p\u0159ednost dovolen\u00e9 v Chorvatsku. I tolik let po p\u0159evratu sem jezd\u00edme velice r\u00e1di, proto\u017ee tady m\u00e1me vzpom\u00ednky na d\u011btstv\u00ed, kdy jsme sem jezd\u00edvali jako mal\u00e9 d\u011bti s prarodi\u010di. D\u0159\u00edv na v\u00fdb\u011br moc nebylo a Chorvatsko pro n\u00e1s bylo cenov\u011b i geograficky dostupn\u00e9. Pr\u00e1v\u011b vzd\u00e1lenost z \u010ceska je ur\u010duj\u00edc\u00ed pro v\u00fdb\u011br dovolen\u00e9 i dnes, proto\u017ee ne ka\u017ed\u00fd chce jet autobusem nebo let\u011bt letadlem, a tak pot\u0159ebuj\u00ed naj\u00edt dovolenou, kam se d\u00e1 za p\u00e1r hodin dojet autem.\u010c\u00edm d\u00e1l v\u00edce zejm\u00e9na mlad\u0161\u00edch lid\u00ed je nespokojeno s t\u00edm, jak se \u010cesk\u00e1 Republika vyv\u00edj\u00ed politicky i ekonomicky, a proto kdy\u017e si vyb\u00edraj\u00ed m\u00edsto pro \u017eivot, \u010dasto hraje roli i st\u011bhov\u00e1n\u00ed do zahrani\u010d\u00ed. Mnoho mlad\u00fdch lid\u00ed si pravideln\u011b proch\u00e1z\u00ed nemovitosti v Chorvatsku na prodej Najadranu, proto\u017ee doufaj\u00ed, \u017ee zde najdou cenov\u011b p\u0159ijateln\u00fd byt kousek od pl\u00e1\u017ee. Nab\u00eddky realitn\u00edch kancel\u00e1\u0159\u00ed v\u011bt\u0161inou obsahuj\u00ed i modern\u00ed, nov\u011b postaven\u00e9 bytov\u00e9 komplexy, kde najdete n\u011bkolik apartm\u00e1n\u016f.Ceny jsou podobn\u00e9 jako u n\u00e1s Jestli se toho neboj\u00edte a chcete za\u010d\u00edt nov\u00fd \u017eivot jinde, nebojte se toho a zajd\u011bte si do m\u00edstn\u00ed realitn\u00ed kancel\u00e1\u0159e, kterou vlastn\u00ed p\u00e1r p\u016fvodem z \u010cesk\u00e9 republiky. Snadno se domluv\u00edte a mo\u017en\u00e1 v nab\u00eddce najdete i sv\u016fj nov\u00fd vysn\u011bn\u00fd domov u pl\u00e1\u017ee.                                                                                                                                                                                                                                                                                                                                                                                          3.2\/5 - (6 votes)        "},{"@context":"https:\/\/schema.org\/","@type":"BreadcrumbList","itemListElement":[{"@type":"ListItem","position":1,"name":"Za slun\u00ed\u010dkem","item":"https:\/\/www.mildeco.cz\/za-slunickem\/#breadcrumbitem"}]}]